{"id":30383,"date":"2018-09-07T13:34:55","date_gmt":"2018-09-07T11:34:55","guid":{"rendered":"https:\/\/www.ccenergie.ch\/?p=30383"},"modified":"2018-09-07T13:34:55","modified_gmt":"2018-09-07T11:34:55","slug":"erste-teilnahme-an-der-bike-to-work-challenge-fuer-cc-energie","status":"publish","type":"post","link":"https:\/\/www.ccenergie.ch\/de\/erste-teilnahme-an-der-bike-to-work-challenge-fuer-cc-energie\/","title":{"rendered":"Erste Teilnahme an der \u201eBike to Work Challenge\u201c f\u00fcr cc energie"},"content":{"rendered":"<p><img loading=\"lazy\" decoding=\"async\" class=\"img-responsive alignleft wp-image-30744\" src=\"https:\/\/www.ccenergie.ch\/wp-content\/uploads\/2018\/07\/Visual_2018_quer-1024x576.png\" alt=\"\" width=\"802\" height=\"451\" srcset=\"https:\/\/www.ccenergie.ch\/wp-content\/uploads\/2018\/07\/Visual_2018_quer-1024x576.png 1024w, https:\/\/www.ccenergie.ch\/wp-content\/uploads\/2018\/07\/Visual_2018_quer-300x169.png 300w, https:\/\/www.ccenergie.ch\/wp-content\/uploads\/2018\/07\/Visual_2018_quer-768x432.png 768w\" sizes=\"auto, (max-width: 802px) 100vw, 802px\" \/><\/p>\n<p><strong>Dieses Jahr hat cc energie zum ersten Mal an der bekannten \u201e<a href=\"https:\/\/www.biketowork.ch\/de\" target=\"_blank\" rel=\"noopener\">Bike to Work Challenge<\/a>\u201c teilgenommen. Wir schauen zur\u00fcck auf den Monat Juni, der im Zeichen der Bewegung und des Teamgeistes stand.<\/strong><\/p>\n<p>Nicht weniger als 19 Mitarbeiter, aufgeteilt in 5 Teams, haben sich f\u00fcr die erste Teilnahme von cc energie an der \u201eBike to Work Challenge\u201c begeistert. Die Idee: die Mitarbeiter zu motivieren, sich im Alltag mehr zu bewegen und ihren Arbeitsplatz mit dem Fahrrad, aber auch zu Fu\u00df oder in Kombination mit \u00f6ffentlichen Verkehrsmitteln zu erreichen.<\/p>\n<p>Nach 4 Wochen Challenge sahen die Ergebnisse ziemlich beeindruckend aus:<br \/>\n\u2022 3\u2019312 km wurden von den Teilnehmern gefahren \u2013 das entspricht knapp 2 Mal dem Umfang der Schweiz<br \/>\n\u2022 650 &#8211; das ist die Zahl der gefahrenen Kilometer eines einzigen Teilnehmers w\u00e4hrend der gesamten Challenge<br \/>\n\u2022 477 kg &#8211; das ist die Menge CO2, die eingespart wurde<\/p>\n<p>&nbsp;<\/p>\n<p><strong>Hier einige Teilnehmer-Meinungen:<\/strong><\/p>\n<blockquote><p>Die \u201eBike to Work Challenge\u201c ist f\u00fcr mich eine tolle Erfahrung gewesen. Sie erm\u00f6glichte mir, eine ges\u00fcndere Art, auf die Arbeit zu fahren, zu entdecken &#8211; weg vom Verkehrsstress und mit dem zus\u00e4tzlichen kleinen Bonus einige Kalorien zu verlieren. Der einzige negative Punkt war die intensive Anstrengung auf dem Weg nach Hause: es ging pausenlos aufw\u00e4rts!<\/p>\n<p>Maryline Gomes \u2013 Kundenberaterin<\/p>\n<p>&nbsp;<\/p>\n<p>Gl\u00fccklicherweise hat das Wetter hier in Biel (fast) jeden Tag mitgespielt. Ich konnte am Morgen jeweils die frische Luft genie\u00dfen und kam am Abend unbeschadet nach Hause. Es galt die Konkurrenten der Tour de Suisse zu schlagen: pro Tag knapp 200 Kilometer &#8211; kein Problem f\u00fcr uns.<\/p>\n<p>Olivier Padovan \u2013 Kundenberater<\/p>\n<p>&nbsp;<\/p>\n<p>Man wei\u00df nie, wie sich das Wetter entwickelt, bis man sich wieder auf den Heimweg macht! Im Sinne von \u201eTeamgeist\u201c finde ich es jedoch eine super Sache. Und deshalb habe ich mich angemeldet.<\/p>\n<p>Evelyne H\u00fcrlimann Di Giacopo \u2013 Controller<\/p><\/blockquote>\n<p>&nbsp;<\/p>\n<p>Zum Schluss einige Impressionen, die unsere Teams mit uns geteilt haben:<\/p>\n<p><img loading=\"lazy\" decoding=\"async\" class=\"alignleft wp-image-30485 size-medium\" src=\"https:\/\/www.ccenergie.ch\/wp-content\/uploads\/2018\/07\/tom-225x300.jpg\" alt=\"\" width=\"225\" height=\"300\" srcset=\"https:\/\/www.ccenergie.ch\/wp-content\/uploads\/2018\/07\/tom-225x300.jpg 225w, https:\/\/www.ccenergie.ch\/wp-content\/uploads\/2018\/07\/tom-768x1024.jpg 768w\" sizes=\"auto, (max-width: 225px) 100vw, 225px\" \/> <img loading=\"lazy\" decoding=\"async\" class=\"alignleft wp-image-30483 size-medium\" src=\"https:\/\/www.ccenergie.ch\/wp-content\/uploads\/2018\/07\/tom.05.06-225x300.jpg\" alt=\"\" width=\"225\" height=\"300\" srcset=\"https:\/\/www.ccenergie.ch\/wp-content\/uploads\/2018\/07\/tom.05.06-225x300.jpg 225w, https:\/\/www.ccenergie.ch\/wp-content\/uploads\/2018\/07\/tom.05.06-768x1024.jpg 768w\" sizes=\"auto, (max-width: 225px) 100vw, 225px\" \/><\/p>\n<p><img loading=\"lazy\" decoding=\"async\" class=\"alignleft wp-image-30481 size-medium\" src=\"https:\/\/www.ccenergie.ch\/wp-content\/uploads\/2018\/07\/maryline-225x300.jpg\" alt=\"\" width=\"225\" height=\"300\" srcset=\"https:\/\/www.ccenergie.ch\/wp-content\/uploads\/2018\/07\/maryline-225x300.jpg 225w, https:\/\/www.ccenergie.ch\/wp-content\/uploads\/2018\/07\/maryline-768x1024.jpg 768w\" sizes=\"auto, (max-width: 225px) 100vw, 225px\" \/><\/p>\n<p><img loading=\"lazy\" decoding=\"async\" class=\"alignleft wp-image-30479 size-medium\" src=\"https:\/\/www.ccenergie.ch\/wp-content\/uploads\/2018\/07\/BTW_0506_Sebastian-300x225.jpg\" alt=\"\" width=\"300\" height=\"225\" srcset=\"https:\/\/www.ccenergie.ch\/wp-content\/uploads\/2018\/07\/BTW_0506_Sebastian-300x225.jpg 300w, https:\/\/www.ccenergie.ch\/wp-content\/uploads\/2018\/07\/BTW_0506_Sebastian-768x576.jpg 768w, https:\/\/www.ccenergie.ch\/wp-content\/uploads\/2018\/07\/BTW_0506_Sebastian-1024x768.jpg 1024w\" sizes=\"auto, (max-width: 300px) 100vw, 300px\" \/><\/p>\n<p>Wir freuen uns sehr \u00fcber den Erfolg, den die Challenge bei uns verbuchte und hoffen auf noch mehr Teilnehmer im Jahr 2019!<\/p>\n<p>&nbsp;<\/p>\n<p>Katia Piller \u2013 HR Assistent<\/p>\n","protected":false},"excerpt":{"rendered":"<p>Dieses Jahr hat cc energie zum ersten Mal an der bekannten \u201eBike to Work Challenge\u201c teilgenommen. Wir schauen zur\u00fcck auf den Monat Juni, der im Zeichen der Bewegung und des Teamgeistes stand. Nicht weniger als 19 Mitarbeiter, aufgeteilt in 5 Teams, haben sich f\u00fcr die erste Teilnahme von cc energie an der \u201eBike to Work [&hellip;]<\/p>\n","protected":false},"author":1,"featured_media":30381,"comment_status":"open","ping_status":"open","sticky":false,"template":"","format":"standard","meta":{"_acf_changed":false,"footnotes":""},"categories":[13],"tags":[],"class_list":["post-30383","post","type-post","status-publish","format-standard","has-post-thumbnail","hentry","category-news-de"],"acf":[],"_links":{"self":[{"href":"https:\/\/www.ccenergie.ch\/de\/wp-json\/wp\/v2\/posts\/30383","targetHints":{"allow":["GET"]}}],"collection":[{"href":"https:\/\/www.ccenergie.ch\/de\/wp-json\/wp\/v2\/posts"}],"about":[{"href":"https:\/\/www.ccenergie.ch\/de\/wp-json\/wp\/v2\/types\/post"}],"author":[{"embeddable":true,"href":"https:\/\/www.ccenergie.ch\/de\/wp-json\/wp\/v2\/users\/1"}],"replies":[{"embeddable":true,"href":"https:\/\/www.ccenergie.ch\/de\/wp-json\/wp\/v2\/comments?post=30383"}],"version-history":[{"count":14,"href":"https:\/\/www.ccenergie.ch\/de\/wp-json\/wp\/v2\/posts\/30383\/revisions"}],"predecessor-version":[{"id":30826,"href":"https:\/\/www.ccenergie.ch\/de\/wp-json\/wp\/v2\/posts\/30383\/revisions\/30826"}],"wp:featuredmedia":[{"embeddable":true,"href":"https:\/\/www.ccenergie.ch\/de\/wp-json\/wp\/v2\/media\/30381"}],"wp:attachment":[{"href":"https:\/\/www.ccenergie.ch\/de\/wp-json\/wp\/v2\/media?parent=30383"}],"wp:term":[{"taxonomy":"category","embeddable":true,"href":"https:\/\/www.ccenergie.ch\/de\/wp-json\/wp\/v2\/categories?post=30383"},{"taxonomy":"post_tag","embeddable":true,"href":"https:\/\/www.ccenergie.ch\/de\/wp-json\/wp\/v2\/tags?post=30383"}],"curies":[{"name":"wp","href":"https:\/\/api.w.org\/{rel}","templated":true}]}}