{"id":33500,"date":"2021-08-18T12:36:28","date_gmt":"2021-08-18T10:36:28","guid":{"rendered":"https:\/\/www.ccenergie.ch\/?p=33500"},"modified":"2021-08-18T12:44:49","modified_gmt":"2021-08-18T10:44:49","slug":"cc-energie-verleiht-kommunikationsdaten-fluegel","status":"publish","type":"post","link":"https:\/\/www.ccenergie.ch\/de\/cc-energie-verleiht-kommunikationsdaten-fluegel\/","title":{"rendered":"cc energie verleiht Kommunikationsdaten Fl\u00fcgel"},"content":{"rendered":"<p>&nbsp;<\/p>\n<p><img loading=\"lazy\" decoding=\"async\" class=\"img-responsive alignnone wp-image-33502 size-large\" src=\"https:\/\/www.ccenergie.ch\/wp-content\/uploads\/2021\/08\/pexels-liza-summer-6348095-1024x683.jpg\" alt=\"\" width=\"1024\" height=\"683\" srcset=\"https:\/\/www.ccenergie.ch\/wp-content\/uploads\/2021\/08\/pexels-liza-summer-6348095-1024x683.jpg 1024w, https:\/\/www.ccenergie.ch\/wp-content\/uploads\/2021\/08\/pexels-liza-summer-6348095-300x200.jpg 300w, https:\/\/www.ccenergie.ch\/wp-content\/uploads\/2021\/08\/pexels-liza-summer-6348095-768x512.jpg 768w, https:\/\/www.ccenergie.ch\/wp-content\/uploads\/2021\/08\/pexels-liza-summer-6348095-1536x1024.jpg 1536w, https:\/\/www.ccenergie.ch\/wp-content\/uploads\/2021\/08\/pexels-liza-summer-6348095-2048x1365.jpg 2048w\" sizes=\"auto, (max-width: 1024px) 100vw, 1024px\" \/><\/p>\n<p>Erinnern Sie sich an die Zeit, in der die Festnetz-Telefonnummer fix auf eine Wohnung oder ein Haus vergeben war, und man bei einem Umzug all seinen Bekannten und Freunden nebst der neuen Adresse auch gleich die neue Telefonnummer mitteilen musste?<\/p>\n<p>Zum Gl\u00fcck ist das Geschichte. In der heutigen Zeit m\u00fcssen bei einem Umzug die Kommunikationsdaten nicht mehr ge\u00e4ndert werden: die Festnetz- sowie Mobile-Nummer und auch die E-Mailadresse(n) werden behalten.<\/p>\n<h3>Wie sah es in der Energieversorgungsbranche aus?<\/h3>\n<p>Fr\u00fcher wurden die Kommunikationsdaten fix mit der Adresse verkn\u00fcpft \u2013 die Festnetz-Telefonnummer war ja fix einer Wohnung oder einem Haus zugeordnet. Als dann die E-Mailadressen aufkamen, wurden auch sie als Kommunikationsdaten fix mit der Adresse verkn\u00fcpft.<\/p>\n<h3>Und was passierte bei einem Umzug?<\/h3>\n<p>Da bei einem Umzug die Telefonnummer(n) und E-Mailadresse(n) behalten wurden, hatten wir in unserem CRM ein Programm implementiert, welches diese Daten f\u00fcr die neue Adresse \u00fcbernahm.<\/p>\n<h3>Wie sieht es heute aus?<\/h3>\n<p>Heute ist bei einem Umzug dieser Schritt im CRM nicht mehr n\u00f6tig. Die Kommunikationsdaten sind nun dem Kunden zugeordnet, nicht mehr der Adresse. Das heisst, die Kommunikationsdaten bleiben mit dem Kunden verbunden.<\/p>\n<h3>Der Vorteil?<\/h3>\n<p>Mittels dieser Anpassung konnten wir zwei Fliegen mit einer Klappe schlagen:<\/p>\n<p>Zum einen haben wir mit der Abl\u00f6sung des vorhandenen Programmes eine m\u00f6gliche Fehlerquelle bei der \u00dcbernahme der Kommunikationsdaten beseitigt &#8211; und so potenzielle Gr\u00fcnde der Unzufriedenheit von Endkunden sowie einen m\u00f6glichen Mehraufwand f\u00fcr den Kundenservice vermieden.<\/p>\n<p>Zum anderen entwickeln wir uns vom Z\u00e4hler-basierten hin zum Kunden-basierten Stammdatenmodell: Der Kunde steht im Zentrum.<\/p>\n<h3>Die Grenzen?<\/h3>\n<p>Auch wenn unsere SAP-Migrationsexperten sehr talentiert sind, sind wir leider noch nicht so weit, dass bei einem Umzug zusammen mit dem Kunden automatisch auch alle seine M\u00f6bel und Umzugskisten an die neue Adresse transferiert werden. Ob dies die Zukunft der Kundenorientierung ist? Mir pers\u00f6nlich w\u00fcrde das auf jeden Fall zusagen!<\/p>\n<p>&nbsp;<\/p>\n<p>Olivier Wyder \u2013 Prozessmanager Junior cc energie<\/p>\n","protected":false},"excerpt":{"rendered":"<p>&nbsp; Erinnern Sie sich an die Zeit, in der die Festnetz-Telefonnummer fix auf eine Wohnung oder ein Haus vergeben war, und man bei einem Umzug all seinen Bekannten und Freunden nebst der neuen Adresse auch gleich die neue Telefonnummer mitteilen musste? Zum Gl\u00fcck ist das Geschichte. In der heutigen Zeit m\u00fcssen bei einem Umzug die [&hellip;]<\/p>\n","protected":false},"author":1,"featured_media":33502,"comment_status":"open","ping_status":"open","sticky":false,"template":"","format":"standard","meta":{"_acf_changed":false,"footnotes":""},"categories":[13],"tags":[27],"class_list":["post-33500","post","type-post","status-publish","format-standard","has-post-thumbnail","hentry","category-news-de","tag-serviceplattform"],"acf":[],"_links":{"self":[{"href":"https:\/\/www.ccenergie.ch\/de\/wp-json\/wp\/v2\/posts\/33500","targetHints":{"allow":["GET"]}}],"collection":[{"href":"https:\/\/www.ccenergie.ch\/de\/wp-json\/wp\/v2\/posts"}],"about":[{"href":"https:\/\/www.ccenergie.ch\/de\/wp-json\/wp\/v2\/types\/post"}],"author":[{"embeddable":true,"href":"https:\/\/www.ccenergie.ch\/de\/wp-json\/wp\/v2\/users\/1"}],"replies":[{"embeddable":true,"href":"https:\/\/www.ccenergie.ch\/de\/wp-json\/wp\/v2\/comments?post=33500"}],"version-history":[{"count":5,"href":"https:\/\/www.ccenergie.ch\/de\/wp-json\/wp\/v2\/posts\/33500\/revisions"}],"predecessor-version":[{"id":33527,"href":"https:\/\/www.ccenergie.ch\/de\/wp-json\/wp\/v2\/posts\/33500\/revisions\/33527"}],"wp:featuredmedia":[{"embeddable":true,"href":"https:\/\/www.ccenergie.ch\/de\/wp-json\/wp\/v2\/media\/33502"}],"wp:attachment":[{"href":"https:\/\/www.ccenergie.ch\/de\/wp-json\/wp\/v2\/media?parent=33500"}],"wp:term":[{"taxonomy":"category","embeddable":true,"href":"https:\/\/www.ccenergie.ch\/de\/wp-json\/wp\/v2\/categories?post=33500"},{"taxonomy":"post_tag","embeddable":true,"href":"https:\/\/www.ccenergie.ch\/de\/wp-json\/wp\/v2\/tags?post=33500"}],"curies":[{"name":"wp","href":"https:\/\/api.w.org\/{rel}","templated":true}]}}