{"id":34565,"date":"2022-07-12T08:53:24","date_gmt":"2022-07-12T06:53:24","guid":{"rendered":"https:\/\/www.ccenergie.ch\/?p=34565"},"modified":"2022-07-12T08:58:03","modified_gmt":"2022-07-12T06:58:03","slug":"15-1-jahre-wurde-bei-cce-gefeiert","status":"publish","type":"post","link":"https:\/\/www.ccenergie.ch\/de\/15-1-jahre-wurde-bei-cce-gefeiert\/","title":{"rendered":"15 + 1 Jahre wurde bei cce gefeiert!"},"content":{"rendered":"<h5><img loading=\"lazy\" decoding=\"async\" class=\"img-responsive alignnone wp-image-34545 size-large\" src=\"https:\/\/www.ccenergie.ch\/wp-content\/uploads\/2022\/07\/IMG_8843-1024x683.jpg\" alt=\"\" width=\"1024\" height=\"683\" srcset=\"https:\/\/www.ccenergie.ch\/wp-content\/uploads\/2022\/07\/IMG_8843-1024x683.jpg 1024w, https:\/\/www.ccenergie.ch\/wp-content\/uploads\/2022\/07\/IMG_8843-300x200.jpg 300w, https:\/\/www.ccenergie.ch\/wp-content\/uploads\/2022\/07\/IMG_8843-768x512.jpg 768w, https:\/\/www.ccenergie.ch\/wp-content\/uploads\/2022\/07\/IMG_8843-1536x1024.jpg 1536w, https:\/\/www.ccenergie.ch\/wp-content\/uploads\/2022\/07\/IMG_8843-2048x1365.jpg 2048w\" sizes=\"auto, (max-width: 1024px) 100vw, 1024px\" \/><\/h5>\n<h5>F\u00fcr viele war dieser Freitag am 15. Juni aufgrund der Einschr\u00e4nkungen bedingt durch die Corona-Pandemie die erste Gelegenheit seit langem, sich in &#8222;echt&#8220; zu treffen.<\/h5>\n<p>&nbsp;<\/p>\n<p>Bei strahlendem Sonnenschein trafen sich die cce-Mitarbeiterinnen und -Mitarbeiter auf dem R\u00f6merhof bei Aarberg und damit auf halbem Weg zwischen den Standorten Murten und Nidau.<\/p>\n<p>Der Abend wurde von vielen \u00dcberraschungen gepr\u00e4gt. Die versammelten G\u00e4ste lie\u00dfen die Herzen hoch schlagen, als alle gemeinsam ein Percussion-Ensemble bildeten und wilde Rhythmen anstimmten. Die Zusammenarbeit innerhalb des Unternehmens nahm mit dem &#8222;cce-Bienenstock&#8220;, der mit Hilfe aller geschaffen wurde, eine kreative Form an. Und die T\u00e4nzer konnten ihr Talent auf der Spezialplaylist zeigen. Die Playlist war gef\u00fcllt mit Hits, zu denen die Teilnehmer tanzten, als sie selbst 15 Jahre alt waren.<\/p>\n<p><img loading=\"lazy\" decoding=\"async\" class=\"img-responsive alignnone wp-image-34549 size-medium\" src=\"https:\/\/www.ccenergie.ch\/wp-content\/uploads\/2022\/07\/IMG_8890-300x200.jpg\" alt=\"\" width=\"300\" height=\"200\" srcset=\"https:\/\/www.ccenergie.ch\/wp-content\/uploads\/2022\/07\/IMG_8890-300x200.jpg 300w, https:\/\/www.ccenergie.ch\/wp-content\/uploads\/2022\/07\/IMG_8890-1024x683.jpg 1024w, https:\/\/www.ccenergie.ch\/wp-content\/uploads\/2022\/07\/IMG_8890-768x512.jpg 768w, https:\/\/www.ccenergie.ch\/wp-content\/uploads\/2022\/07\/IMG_8890-1536x1024.jpg 1536w, https:\/\/www.ccenergie.ch\/wp-content\/uploads\/2022\/07\/IMG_8890-2048x1365.jpg 2048w\" sizes=\"auto, (max-width: 300px) 100vw, 300px\" \/><img loading=\"lazy\" decoding=\"async\" class=\"img-responsive alignnone wp-image-34551 size-medium\" src=\"https:\/\/www.ccenergie.ch\/wp-content\/uploads\/2022\/07\/IMG_8936-300x200.jpg\" alt=\"\" width=\"300\" height=\"200\" srcset=\"https:\/\/www.ccenergie.ch\/wp-content\/uploads\/2022\/07\/IMG_8936-300x200.jpg 300w, https:\/\/www.ccenergie.ch\/wp-content\/uploads\/2022\/07\/IMG_8936-1024x683.jpg 1024w, https:\/\/www.ccenergie.ch\/wp-content\/uploads\/2022\/07\/IMG_8936-768x512.jpg 768w, https:\/\/www.ccenergie.ch\/wp-content\/uploads\/2022\/07\/IMG_8936-1536x1024.jpg 1536w, https:\/\/www.ccenergie.ch\/wp-content\/uploads\/2022\/07\/IMG_8936-2048x1365.jpg 2048w\" sizes=\"auto, (max-width: 300px) 100vw, 300px\" \/><img loading=\"lazy\" decoding=\"async\" class=\"img-responsive alignnone wp-image-34553 size-medium\" src=\"https:\/\/www.ccenergie.ch\/wp-content\/uploads\/2022\/07\/IMG_8941-300x200.jpg\" alt=\"\" width=\"300\" height=\"200\" srcset=\"https:\/\/www.ccenergie.ch\/wp-content\/uploads\/2022\/07\/IMG_8941-300x200.jpg 300w, https:\/\/www.ccenergie.ch\/wp-content\/uploads\/2022\/07\/IMG_8941-1024x683.jpg 1024w, https:\/\/www.ccenergie.ch\/wp-content\/uploads\/2022\/07\/IMG_8941-768x512.jpg 768w, https:\/\/www.ccenergie.ch\/wp-content\/uploads\/2022\/07\/IMG_8941-1536x1024.jpg 1536w, https:\/\/www.ccenergie.ch\/wp-content\/uploads\/2022\/07\/IMG_8941-2048x1365.jpg 2048w\" sizes=\"auto, (max-width: 300px) 100vw, 300px\" \/><\/p>\n<p>Dies waren einige der vielen H\u00f6hepunkte, die diesen Jubil\u00e4umsabend pr\u00e4gten.<\/p>\n<p><img loading=\"lazy\" decoding=\"async\" class=\"img-responsive alignnone wp-image-34555 size-large\" src=\"https:\/\/www.ccenergie.ch\/wp-content\/uploads\/2022\/07\/IMG_9010-1024x683.jpg\" alt=\"\" width=\"1024\" height=\"683\" srcset=\"https:\/\/www.ccenergie.ch\/wp-content\/uploads\/2022\/07\/IMG_9010-1024x683.jpg 1024w, https:\/\/www.ccenergie.ch\/wp-content\/uploads\/2022\/07\/IMG_9010-300x200.jpg 300w, https:\/\/www.ccenergie.ch\/wp-content\/uploads\/2022\/07\/IMG_9010-768x512.jpg 768w, https:\/\/www.ccenergie.ch\/wp-content\/uploads\/2022\/07\/IMG_9010-1536x1024.jpg 1536w, https:\/\/www.ccenergie.ch\/wp-content\/uploads\/2022\/07\/IMG_9010-2048x1365.jpg 2048w\" sizes=\"auto, (max-width: 1024px) 100vw, 1024px\" \/><\/p>\n<p>Als sich die Sonne auf den umliegenden Weiden verabschiedete, konnten wir gar nicht anders, als uns schon auf das n\u00e4chste Jubil\u00e4um zu freuen!<\/p>\n<p>&nbsp;<\/p>\n<p><img loading=\"lazy\" decoding=\"async\" class=\"alignnone size-thumbnail wp-image-31540\" src=\"https:\/\/www.ccenergie.ch\/wp-content\/uploads\/2019\/04\/Clothilde-Guler-150x150.jpg\" alt=\"\" width=\"150\" height=\"150\" \/>Clothilde Guler \u2013 Communication Manager<\/p>\n","protected":false},"excerpt":{"rendered":"<p>F\u00fcr viele war dieser Freitag am 15. Juni aufgrund der Einschr\u00e4nkungen bedingt durch die Corona-Pandemie die erste Gelegenheit seit langem, sich in &#8222;echt&#8220; zu treffen. &nbsp; Bei strahlendem Sonnenschein trafen sich die cce-Mitarbeiterinnen und -Mitarbeiter auf dem R\u00f6merhof bei Aarberg und damit auf halbem Weg zwischen den Standorten Murten und Nidau. Der Abend wurde von [&hellip;]<\/p>\n","protected":false},"author":1,"featured_media":34548,"comment_status":"open","ping_status":"open","sticky":false,"template":"","format":"standard","meta":{"_acf_changed":false,"footnotes":""},"categories":[13],"tags":[],"class_list":["post-34565","post","type-post","status-publish","format-standard","has-post-thumbnail","hentry","category-news-de"],"acf":[],"_links":{"self":[{"href":"https:\/\/www.ccenergie.ch\/de\/wp-json\/wp\/v2\/posts\/34565","targetHints":{"allow":["GET"]}}],"collection":[{"href":"https:\/\/www.ccenergie.ch\/de\/wp-json\/wp\/v2\/posts"}],"about":[{"href":"https:\/\/www.ccenergie.ch\/de\/wp-json\/wp\/v2\/types\/post"}],"author":[{"embeddable":true,"href":"https:\/\/www.ccenergie.ch\/de\/wp-json\/wp\/v2\/users\/1"}],"replies":[{"embeddable":true,"href":"https:\/\/www.ccenergie.ch\/de\/wp-json\/wp\/v2\/comments?post=34565"}],"version-history":[{"count":2,"href":"https:\/\/www.ccenergie.ch\/de\/wp-json\/wp\/v2\/posts\/34565\/revisions"}],"predecessor-version":[{"id":34667,"href":"https:\/\/www.ccenergie.ch\/de\/wp-json\/wp\/v2\/posts\/34565\/revisions\/34667"}],"wp:featuredmedia":[{"embeddable":true,"href":"https:\/\/www.ccenergie.ch\/de\/wp-json\/wp\/v2\/media\/34548"}],"wp:attachment":[{"href":"https:\/\/www.ccenergie.ch\/de\/wp-json\/wp\/v2\/media?parent=34565"}],"wp:term":[{"taxonomy":"category","embeddable":true,"href":"https:\/\/www.ccenergie.ch\/de\/wp-json\/wp\/v2\/categories?post=34565"},{"taxonomy":"post_tag","embeddable":true,"href":"https:\/\/www.ccenergie.ch\/de\/wp-json\/wp\/v2\/tags?post=34565"}],"curies":[{"name":"wp","href":"https:\/\/api.w.org\/{rel}","templated":true}]}}